{"id":1577,"date":"2020-09-30T16:18:46","date_gmt":"2020-09-30T15:18:46","guid":{"rendered":"https:\/\/www.detoujours.com\/blog\/?p=1577"},"modified":"2023-02-15T16:17:14","modified_gmt":"2023-02-15T15:17:14","slug":"le-charme-discret-de-la-femme-daffaires-de-lannee-2","status":"publish","type":"post","link":"https:\/\/www.detoujours.com\/blog\/de-toujours-list\/le-charme-discret-de-la-femme-daffaires-de-lannee-2\/","title":{"rendered":"Le charme discret de la femme d&rsquo;affaires de l&rsquo;ann\u00e9e"},"content":{"rendered":"<p><a href=\"https:\/\/www.detoujours.com\/blog\/wp-content\/uploads\/2018\/11\/balla.jpg\" rel=\"attachment wp-att-1563\"><img loading=\"lazy\" class=\"aligncenter wp-image-1563\" src=\"https:\/\/www.detoujours.com\/blog\/wp-content\/uploads\/2018\/11\/balla.jpg\" alt=\"balla\" width=\"500\" height=\"750\" \/><\/a><\/p>\n<p><em><strong>Nathalie Balla<\/strong> r\u00e9alise des choses impressionnantes avec la gr\u00e2ce d\u2019une attitude discr\u00e8te et simple. Avec son co\u00e9quipier Eric Courteille, elle a pourtant r\u00e9-invent\u00e9 la Redoute, magnifique histoire fran\u00e7aise qui perdait souffle, convaincu le groupe Kering, les salari\u00e9s, et les clients \u00e0 nouveau \u2026puis les Galeries Lafayette fleuron familial qui fini de valoriser ce bijoux, pionnier de la vente \u00e0 distance \u00e0 l\u2019heure de l\u2019e-commerce.<span class=\"Apple-converted-space\">\u00a0<\/span><\/em><\/p>\n<p><em>Cette femme devenue entrepreneur a pris des risques et un challenge hors-norme \u00e0 bras le corps, en se tenant devant, avec des d\u00e9cisions et des strat\u00e9gies qui ont pouss\u00e9 l\u2019activit\u00e9 vers la modernit\u00e9, tout en prenant le temps de se mettre \u00e0 hauteur d\u2019homme avec les salari\u00e9s (ils d\u00e9tiennent une part du capital). Le Nord n\u2019a pas renonc\u00e9 \u00e0 son industrie textile, et Nathalie fait partie de ceux qui n\u2019ont pas l\u00e2ch\u00e9 la rampe.<\/em><\/p>\n<p><em>Quel est le rapport aux v\u00eatements de cette hyper efficace maman de trois enfants aux racines germano-hongroises ? Voil\u00e0 quelque chose qui int\u00e9resse detoujours.\u00a0<\/em><\/p>\n<p><em>Isabelle Crampes<\/em><\/p>\n<hr \/>\n<p><strong>Votre v\u00eatement d\u2019\u00e9t\u00e9 DE TOUJOURS<br \/>\n<\/strong>C\u2019est la robe. L\u2019\u00e9t\u00e9 pour moi c\u2019est la l\u00e9g\u00e8ret\u00e9 d\u2019une robe, sa fluidit\u00e9 et sa f\u00e9minit\u00e9. Je n\u2019ai pas de coupe en particulier. J\u2019aime bien les v\u00eatements essentiels et classiques, comme\u00a0la robe chemisier, qui selon la fa\u00e7on dont elle est accessoiris\u00e9e, peut \u00eatre soit sportive soit f\u00e9minine. Mais aussi des robes d\u2019\u00e9t\u00e9, de plage donc vraiment tout type de robe. Mais peut \u00eatre la robe chemise en particulier.<span class=\"Apple-converted-space\">\u00a0<\/span><\/p>\n<p><strong>Votre v\u00eatement d\u2019hiver DE TOUJOURS<br \/>\n<\/strong>J\u2019adore les manteaux ! J\u2019ai vraiment un faible pour eux, en particulier ceux qui sont fait en une belle mati\u00e8re. J\u2019ai un Dries Van Noten depuis d\u00e9j\u00e0 5\/6 ans mais je pense que je n\u2019arriverais jamais \u00e0 m\u2019en d\u00e9faire. Il a une forme incroyable, des manches un peu bouffantes, une ceinture et il est fait dans une belle laine qui est juste incroyable. Donc le manteau c\u2019est un peu ma pi\u00e8ce f\u00e9tiche de l\u2019hiver.<span class=\"Apple-converted-space\">\u00a0<\/span><\/p>\n<p><strong>Une habitude DE TOUJOURS qui vous est indispensable<br \/>\n<\/strong>Le petit d\u00e9jeuner en famille. Alors \u00e7a c\u2019est une habitude qu\u2019on a, c\u2019est le moment sacr\u00e9 de la journ\u00e9e. J\u2019ai repris La Redoute, c\u2019est l\u2019histoire d\u2019une vie, c\u2019est l\u2019entreprenariat, \u00e7a vous habite jour et nuit et donc on pourrait en oublier finalement l\u2019importance de la famille. Donc il y a ce moment un peu sacr\u00e9 chez nous qui est le petit d\u00e9jeuner tous ensemble \u00e0 discuter et \u00e0 partager, c\u2019est vraiment important.<span class=\"Apple-converted-space\">\u00a0<\/span><\/p>\n<p><strong>Qui plus est La Redoute transmet des valeurs familiale, depuis toujours vous avez des v\u00eatements pour l\u2019homme la femme et pour l\u2019enfant\u2026<span class=\"Apple-converted-space\"><br \/>\n<\/span><\/strong>Oui c\u2019est vrai qu\u2019on est une marque qui est ancr\u00e9e dans la famille, le catalogue \u00e9tait sur la table de chaque foyer fran\u00e7ais. Je me rappelle de ces catalogues dans lesquels on faisait les petits coins dans les pages pour montrer aux parents les produits qu\u2019on voulait, donc oui c\u2019\u00e9tait une marque familiale et \u00e7a l&rsquo;est rest\u00e9.<\/p>\n<p><strong>Votre sac increvable, celui qui traverse les \u00e9poques<br \/>\n<\/strong>Alors j\u2019ai longtemps eu un Balenciaga mais qui s\u2019est crev\u00e9 [rire] et c\u2019est vrai que depuis je suis toujours en errance. J\u2019ai pas retrouv\u00e9 le sac parfait.<span class=\"Apple-converted-space\">\u00a0 <\/span>Je me suis mis en t\u00eate qu\u2019il fallait pas que je reprenne un Balenciaga alors j\u2019ai eu un Zadig &amp; Voltaire avec une t\u00eate de mort dessus et des cornes en m\u00e9tal qui cassaient tout. Je l&rsquo;adorais mais \u00e7a fait longtemps que j\u2019ai pas retrouv\u00e9 le sac f\u00e9tiche en fait. Ce sera peut-\u00eatre un De Toujours, il faut que je regarde \u00e7a sur le site !<span class=\"Apple-converted-space\">\u00a0<\/span><\/p>\n<p><strong>Votre pi\u00e8ce la plus chic DE TOUJOURS<br \/>\n<\/strong>Alors bizarrement c\u2019est une ceinture, c\u2019est une tr\u00e8s belle ceinture en cuir avec comme fermeture une fleur en m\u00e9tal, mais une fleur design. C\u2019est une pi\u00e8ce que j\u2019adore car justement elle va sur des pi\u00e8ces tr\u00e8s essentiels de toujours , et \u00a0permet de donner le d\u00e9calage n\u00e9cessaire pour que la pi\u00e8ce prenne un peu de sublime.<span class=\"Apple-converted-space\">\u00a0<\/span><\/p>\n<p><strong>La pi\u00e8ce que l\u2019on vous a transmis et celle que vous allez transmettre<br \/>\n<\/strong>Alors le v\u00eatement qu\u2019on m\u2019a transmis c\u2019est un manteau [rire]. C\u2019est le manteau que mon papa portait quand il a fui la Hongrie en 1956 et c\u2019est un peu une pi\u00e8ce qui repr\u00e9sente la libert\u00e9, l\u2019acc\u00e8s \u00e0 l\u2019Universit\u00e9. Il a fui la Hongrie car en temps que bourgeois il n\u2019avait pas acc\u00e8s aux \u00e9tudes. Il est fait dans une super mati\u00e8re, par un couturier, et je pense qu\u2019il pourrait \u00eatre transmis \u00e0 mes fils.<span class=\"Apple-converted-space\">\u00a0<\/span><\/p>\n<p><strong>La pi\u00e8ce qui se rapporte \u00e0 vos origines<br \/>\n<\/strong>J\u2019avoue que l\u00e0 je ne sais pas\u2026 Disons que ma m\u00e8re portait toujours de grandes boucles d\u2019oreilles et m\u00eame si je n&rsquo;en porte pas aujourd\u2019hui, j\u2019ai un peu tendance \u00e0 porter des grandes boucles d\u2019oreilles. Elle a d\u00fb m\u2019influencer. Mais c\u2019est vrai que c\u2019est une question pas facile..<span class=\"Apple-converted-space\">\u00a0<\/span><\/p>\n<p><strong>Vous avez donc des origines de l\u2019Europe de l\u2019Est ?<br \/>\n<\/strong>Mon papa est Hongrois et ma maman est Allemande. Ils se sont rencontr\u00e9s \u00e0 Paris et ils ont continu\u00e9 \u00e0 vivre en France, ce qui fait que mon fr\u00e8re et moi sommes fran\u00e7ais.<span class=\"Apple-converted-space\">\u00a0<\/span><\/p>\n<p><strong>La pi\u00e8ce de votre garde-robe dont vous ne pourriez vous s\u00e9parer<br \/>\n<\/strong>La premi\u00e8re pi\u00e8ce de designer que j\u2019ai pu me financer avec mes premiers salaires, c\u2019est un saroual de Jean-Paul Gaultier bleu avec des points orange. Et cette pi\u00e8ce l\u00e0 je ne la vendrai et ne la jetterai jamais car c\u2019est la premi\u00e8re fois que j\u2019ai pu me payer et avoir acc\u00e8s \u00e0 une belle pi\u00e8ce de couture, un peu originale. Pour moi \u00e7a repr\u00e9sentait l\u2019acc\u00e8s au \u00ab\u00a0beau\u00a0\u00bbet \u00e0 la haute couture mais finalement ind\u00e9modable car je peux toujours la mettre aujourd\u2019hui.<span class=\"Apple-converted-space\">\u00a0<\/span><\/p>\n<p><strong>L\u2019\u00e9ternel sexy c&rsquo;est&#8230;<br \/>\n<\/strong>Les chaussures \u00e0 talons. C\u2019est un peu banal comme r\u00e9ponse mais je trouve qu\u2019une femme avec des chaussures \u00e0 talons, quels que soient les v\u00eatements qu\u2019elle porte \u00e7a rend la tenue sexy.<span class=\"Apple-converted-space\">\u00a0<\/span><\/p>\n<p><strong>Votre rep\u00e8re DE TOUJOURS<br \/>\n<\/strong>On a tous un <span style=\"color: #000000;\"><a style=\"color: #000000;\" href=\"https:\/\/www.detoujours.com\/fr\/blousons\/79-7418-le-vrai-claude-de-chez-k-way.html#\/392,taille-de-vetements,s\/400,couleurs-kway,bleu-royal-royal-blue\">K-way<\/a> <\/span>\u00e0 la maison. Et c\u2019est marrant parce que c\u2019est pas sp\u00e9cialement une pi\u00e8ce mode \u00e0 la base, c\u2019est vraiment une pi\u00e8ce de toujours, mais qui redevient tendance en plus, et qui est super pratique.<span class=\"Apple-converted-space\">\u00a0 <\/span>Je pense que j\u2019ai deux ou trois K-way \u00e0 la maison. Mes enfants en portent, mon mari en porte, et c\u2019est une pi\u00e8ce hyper pratique et ind\u00e9modable.<\/p>\n<p><strong>Votre \u00e9g\u00e9rie DE TOUJOURS<br \/>\n<\/strong><span class=\"Apple-converted-space\">\u00a0<\/span>Alors j\u2019ai deux \u00e9g\u00e9ries, j\u2019aime pas trop le terme \u00e9g\u00e9rie mais j\u2019ai deux femmes qui m\u2019ont vraiment marqu\u00e9.<span class=\"Apple-converted-space\">\u00a0<\/span><\/p>\n<p>D\u2019une part Alexandra David-N\u00e9el, c\u2019est une femme qui \u00e9tudiait l\u2019Asie dans les ann\u00e9es 20 et qui est parti seule au Tibet. En tant que femme dans ces ann\u00e9es l\u00e0 \u00e7a relevait de l\u2019exploit, c&rsquo;\u00e9tait une aventuri\u00e8re.<span class=\"Apple-converted-space\">\u00a0<\/span><\/p>\n<p>Et l\u2019autre femme qui m\u2019a marqu\u00e9 mais plus au niveau de la mode, c\u2019est Coco Chanel. Elle s&rsquo;est affranchi des codes, a os\u00e9 vivre la mode diff\u00e9remment et a lib\u00e9r\u00e9 la femme gr\u00e2ce \u00e0 sa vision de la mode.<span class=\"Apple-converted-space\">\u00a0<\/span><\/p>\n<p><strong>Jeune, qu\u2019est ce qui vous plaisait dans la mode ?<br \/>\n<\/strong>Pour moi la mode c\u2019est la cr\u00e9ation, c\u2019est \u00e0 la fois un art et un savoir-faire. Il faut \u00eatre un artisan pour bien travailler la mode, il faut ma\u00eetriser la couture, le stylisme, le mod\u00e9lisme, donc c\u2019est \u00e0 la fois ce savoir faire, cette pr\u00e9cision et \u00e0 la fois cette cr\u00e9ation, cette ouverture, qui me plaisent. Et cette capacit\u00e9 \u00e0 r\u00e9-inventer et casser les codes en permanence.<span class=\"Apple-converted-space\">\u00a0<\/span><\/p>\n<p><em>Interview men\u00e9e par Sihem Bioud<\/em><\/p>\n<hr \/>\n","protected":false},"excerpt":{"rendered":"<p>Nathalie Balla r\u00e9alise des choses impressionnantes avec la gr\u00e2ce d\u2019une attitude discr\u00e8te et simple. Avec son co\u00e9quipier Eric Courteille, elle a pourtant r\u00e9-invent\u00e9 la Redoute, magnifique histoire fran\u00e7aise qui perdait souffle, convaincu le groupe Kering, les salari\u00e9s, et les clients \u00e0 nouveau \u2026puis les Galeries Lafayette fleuron familial qui fini de valoriser ce bijoux, pionnier &hellip; <a href=\"https:\/\/www.detoujours.com\/blog\/de-toujours-list\/le-charme-discret-de-la-femme-daffaires-de-lannee-2\/\" class=\"more-link\">Continuer la lecture de <span class=\"screen-reader-text\">Le charme discret de la femme d&rsquo;affaires de l&rsquo;ann\u00e9e<\/span><\/a><\/p>\n","protected":false},"author":2,"featured_media":1563,"comment_status":"closed","ping_status":"closed","sticky":false,"template":"","format":"standard","meta":[],"categories":[8],"tags":[],"_links":{"self":[{"href":"https:\/\/www.detoujours.com\/blog\/wp-json\/wp\/v2\/posts\/1577"}],"collection":[{"href":"https:\/\/www.detoujours.com\/blog\/wp-json\/wp\/v2\/posts"}],"about":[{"href":"https:\/\/www.detoujours.com\/blog\/wp-json\/wp\/v2\/types\/post"}],"author":[{"embeddable":true,"href":"https:\/\/www.detoujours.com\/blog\/wp-json\/wp\/v2\/users\/2"}],"replies":[{"embeddable":true,"href":"https:\/\/www.detoujours.com\/blog\/wp-json\/wp\/v2\/comments?post=1577"}],"version-history":[{"count":6,"href":"https:\/\/www.detoujours.com\/blog\/wp-json\/wp\/v2\/posts\/1577\/revisions"}],"predecessor-version":[{"id":2031,"href":"https:\/\/www.detoujours.com\/blog\/wp-json\/wp\/v2\/posts\/1577\/revisions\/2031"}],"wp:featuredmedia":[{"embeddable":true,"href":"https:\/\/www.detoujours.com\/blog\/wp-json\/wp\/v2\/media\/1563"}],"wp:attachment":[{"href":"https:\/\/www.detoujours.com\/blog\/wp-json\/wp\/v2\/media?parent=1577"}],"wp:term":[{"taxonomy":"category","embeddable":true,"href":"https:\/\/www.detoujours.com\/blog\/wp-json\/wp\/v2\/categories?post=1577"},{"taxonomy":"post_tag","embeddable":true,"href":"https:\/\/www.detoujours.com\/blog\/wp-json\/wp\/v2\/tags?post=1577"}],"curies":[{"name":"wp","href":"https:\/\/api.w.org\/{rel}","templated":true}]}}